{"id":12792,"date":"2025-10-18T09:10:39","date_gmt":"2025-10-18T07:10:39","guid":{"rendered":"https:\/\/www.fincasmadruga.com\/?p=12792"},"modified":"2025-10-21T17:11:46","modified_gmt":"2025-10-21T15:11:46","slug":"normativa-sobre-terrasses-i-espais-comuns-que-podem-fer-o-no","status":"publish","type":"post","link":"https:\/\/www.fincasmadruga.com\/ca\/normativa-sobre-terrasses-i-espais-comuns-que-podem-fer-o-no\/","title":{"rendered":"Normativa sobre terrasses i espais comuns: qu\u00e8 podem fer o no?"},"content":{"rendered":"<p>Ja ha arribat l&#8217;estiu i amb ell, les terrasses, patis i espais comuns s\u00f3n zones clau a les comunitats de ve\u00efns per\u00f2 el seu \u00fas genera dubtes i possibles conflictes. Con\u00e9ixer la normativa vigent a Barcelona \u00e9s essencial per garantir la conviv\u00e8ncia i evitar problemes legals.<\/p>\n<p><strong>\u00das de terrasses, patis i zones comunes segons la normativa vigent<\/strong><\/p>\n<p>A Barcelona, \u200b\u200bel Codi civil catal\u00e0, els Estatuts, la normativa interna de la comunitat i les ordenances municipals regulen l\u2019\u00fas d\u2019aquests espais. Alguns punts clau inclouen:<\/p>\n<p><strong>Terrasses privatives:<\/strong> encara que s\u00f3n d&#8217;\u00fas exclusiu d&#8217;un propietari, pertanyen a l&#8217;estructura de l&#8217;edifici. Qualsevol modificaci\u00f3 estructural requereix l&#8217;aprovaci\u00f3 de la comunitat.<\/p>\n<p><strong>Patis interiors:<\/strong> es consideren elements comuns d&#8217;\u00fas restringit. La seva utilitzaci\u00f3 ha de respectar les normes comunit\u00e0ries i no causar mol\u00e8sties als ve\u00efns.<\/p>\n<p><strong>Terrats i cobertes:<\/strong> s\u00f3n elements comuns de l&#8217;edifici. L&#8217;acc\u00e9s i l&#8217;\u00fas han d&#8217;estar definits als estatuts de la comunitat.<\/p>\n<p><strong>Zones d&#8217;esbarjo i jardins:<\/strong> la regulaci\u00f3 dep\u00e8n dels acords comunitaris i s&#8217;han de mantenir en condicions adequades per al gaudi de tothom.<\/p>\n<p><strong>Drets i deures de propietaris i llogaters<\/strong><\/p>\n<p>Els ve\u00efns han de con\u00e8ixer els seus drets i les seves obligacions per a un \u00fas adequat d&#8217;aquests espais:<\/p>\n<p><strong>Drets:<\/strong><\/p>\n<p>&#8211; Utilitzar els espais comuns d\u2019acord amb les normes establertes per la comunitat.<\/p>\n<p>&#8211; Proposar millores o modificacions a la junta de propietaris.<\/p>\n<p>&#8211; Fer \u00fas de les terrasses i patis privats sempre i quan no afecti l&#8217;estructura de l&#8217;edifici ni generin mol\u00e8sties.<\/p>\n<p><strong>Deures:<\/strong><\/p>\n<p>&#8211; Respectar les normatives municipals i estatals sobre sorolls i horaris d\u2019\u00fas.<\/p>\n<p>&#8211; Sol\u00b7licitar autoritzaci\u00f3 per a realitzar obres o instal\u00b7lar elements com tancaments o tendals.<\/p>\n<p>&#8211; Mantenir en bon estat les terrasses privatives i evitar filtracions o desperfectes en elements estructurals.<\/p>\n<p><strong>\u00a0<\/strong><\/p>\n<p><strong>Conflictes comuns i com gestionar-los<\/strong><\/p>\n<p>Alguns dels conflictes m\u00e9s habituals inclouen:<\/p>\n<p>&#8211; <strong>\u00das indegut d\u2019espais comuns:<\/strong> ve\u00efns que ocupen zones que no els corresponen.<\/p>\n<p>&#8211; <strong>Instal\u00b7lacions no autoritzades:<\/strong> tendals, antenes o tancaments sense aprovaci\u00f3.<\/p>\n<p>&#8211; <strong>Sorolls i festes: <\/strong>\u00fas excessiu de terrasses en horaris nocturns.<\/p>\n<p><strong>\u00a0<\/strong><\/p>\n<p>Per a solucionar aquests problemes, \u00e9s recomanable:<\/p>\n<p><strong>1. <\/strong><strong>Dialogar amb el ve\u00ed infractor. <\/strong><\/p>\n<p><strong>2. <\/strong><strong>Informar l&#8217;administrador de finques o president de la comunitat. <\/strong><\/p>\n<p><strong>3. <\/strong><strong>Elevar el tema a la junta de propietaris. <\/strong><\/p>\n<p><strong>4. <\/strong><strong>Rec\u00f3rrer a la via legal si persisteixen les infraccions.<\/strong><\/p>\n<p>&nbsp;<\/p>\n<p>Complir la normativa sobre terrasses i espais comuns permet garantir la conviv\u00e8ncia i evitar sancions. Si hi ha dubtes, sempre \u00e9s aconsellable consultar-ho amb l&#8217;administrador de finques o amb l&#8217;Ajuntament de Barcelona.<\/p>\n","protected":false},"excerpt":{"rendered":"<p>Ja ha arribat l&#8217;estiu i amb ell, les terrasses, patis i espais comuns s\u00f3n zones clau a les comunitats de ve\u00efns per\u00f2 el seu \u00fas genera dubtes i possibles conflictes. Con\u00e9ixer la normativa vigent a Barcelona \u00e9s essencial per garantir la conviv\u00e8ncia i evitar problemes legals. \u00das de terrasses, patis i zones comunes segons la [&hellip;]<\/p>\n","protected":false},"author":1,"featured_media":12793,"comment_status":"closed","ping_status":"closed","sticky":false,"template":"","format":"standard","meta":{"_et_pb_use_builder":"","_et_pb_old_content":"","_et_gb_content_width":"","inline_featured_image":false,"footnotes":""},"categories":[28],"tags":[],"class_list":["post-12792","post","type-post","status-publish","format-standard","has-post-thumbnail","hentry","category-bloc"],"_links":{"self":[{"href":"https:\/\/www.fincasmadruga.com\/ca\/wp-json\/wp\/v2\/posts\/12792","targetHints":{"allow":["GET"]}}],"collection":[{"href":"https:\/\/www.fincasmadruga.com\/ca\/wp-json\/wp\/v2\/posts"}],"about":[{"href":"https:\/\/www.fincasmadruga.com\/ca\/wp-json\/wp\/v2\/types\/post"}],"author":[{"embeddable":true,"href":"https:\/\/www.fincasmadruga.com\/ca\/wp-json\/wp\/v2\/users\/1"}],"replies":[{"embeddable":true,"href":"https:\/\/www.fincasmadruga.com\/ca\/wp-json\/wp\/v2\/comments?post=12792"}],"version-history":[{"count":4,"href":"https:\/\/www.fincasmadruga.com\/ca\/wp-json\/wp\/v2\/posts\/12792\/revisions"}],"predecessor-version":[{"id":12802,"href":"https:\/\/www.fincasmadruga.com\/ca\/wp-json\/wp\/v2\/posts\/12792\/revisions\/12802"}],"wp:featuredmedia":[{"embeddable":true,"href":"https:\/\/www.fincasmadruga.com\/ca\/wp-json\/wp\/v2\/media\/12793"}],"wp:attachment":[{"href":"https:\/\/www.fincasmadruga.com\/ca\/wp-json\/wp\/v2\/media?parent=12792"}],"wp:term":[{"taxonomy":"category","embeddable":true,"href":"https:\/\/www.fincasmadruga.com\/ca\/wp-json\/wp\/v2\/categories?post=12792"},{"taxonomy":"post_tag","embeddable":true,"href":"https:\/\/www.fincasmadruga.com\/ca\/wp-json\/wp\/v2\/tags?post=12792"}],"curies":[{"name":"wp","href":"https:\/\/api.w.org\/{rel}","templated":true}]}}