{"id":1635,"date":"2025-10-17T12:39:28","date_gmt":"2025-10-17T10:39:28","guid":{"rendered":"https:\/\/www.fincasmadruga.com\/?p=1635"},"modified":"2025-10-17T12:39:28","modified_gmt":"2025-10-17T10:39:28","slug":"vei-que-aparca-sobre-la-linia-del-garatge-de-la-meva-placa-ocupant-zones-comunes-i-dificultant-les-maniobres-que-puc-fer","status":"publish","type":"post","link":"https:\/\/www.fincasmadruga.com\/ca\/vei-que-aparca-sobre-la-linia-del-garatge-de-la-meva-placa-ocupant-zones-comunes-i-dificultant-les-maniobres-que-puc-fer\/","title":{"rendered":"Ve\u00ed que aparca sobre la l\u00ednia del garatge de la meva pla\u00e7a ocupant zones comunes i dificultant les maniobres, qu\u00e8 puc fer?"},"content":{"rendered":"<p>[et_pb_section bb_built=&#8221;1&#8243;][et_pb_row][et_pb_column type=&#8221;4_4&#8243;][et_pb_text]<\/p>\n<p><strong>Qu\u00e8 puc fer si un propietari aparca sobresortint dels l\u00edmits de la pla\u00e7a ocupant zones comuns?<\/strong><br \/>\n&#8211; Contactar amb l&#8217;Administrador de la Finca o amb el president, perqu\u00e8 l&#8217;hi comenti a propietari.<\/p>\n<p><strong>Qu\u00e8 passa si despr\u00e9s d&#8217;avisar al ve\u00ed, segueix aparcant igual?<\/strong><br \/>\n&#8211; Caldr\u00e0 notificar a trav\u00e9s de l&#8217;Administrador perqu\u00e8 aparqui dins dels l\u00edmits i cessi en la seva actitud.<\/p>\n<p><strong>I si despr\u00e9s de la notificaci\u00f3 segueix aparcant igual?<\/strong><br \/>\n&#8211; En aquest cas, i com a ultima ratio, la Comunitat podria interposar exercitar una acci\u00f3 de cessaci\u00f3 enfront del propietari que no aparca dins dels seus l\u00edmits.<\/p>\n<p><strong>Pot el propietari acudir als tribunals perqu\u00e8 cessi l&#8217;actitud del ve\u00ed que no aparca dins dels l\u00edmits?<\/strong><br \/>\n&#8211; En principi ha de ser la Comunitat qui acudeixi als tribunals, per\u00f2, en cas d&#8217;inacci\u00f3 de la Comunitat, el propietari pot instar l&#8217;acci\u00f3 de cessaci\u00f3.<\/p>\n<p>[\/et_pb_text][\/et_pb_column][\/et_pb_row][\/et_pb_section]<\/p>\n","protected":false},"excerpt":{"rendered":"<p>[et_pb_section bb_built=&#8221;1&#8243;][et_pb_row][et_pb_column type=&#8221;4_4&#8243;][et_pb_text] Qu\u00e8 puc fer si un propietari aparca sobresortint dels l\u00edmits de la pla\u00e7a ocupant zones comuns? &#8211; Contactar amb l&#8217;Administrador de la Finca o amb el president, perqu\u00e8 l&#8217;hi comenti a propietari. Qu\u00e8 passa si despr\u00e9s d&#8217;avisar al ve\u00ed, segueix aparcant igual? &#8211; Caldr\u00e0 notificar a trav\u00e9s de l&#8217;Administrador perqu\u00e8 aparqui dins [&hellip;]<\/p>\n","protected":false},"author":1,"featured_media":0,"comment_status":"closed","ping_status":"closed","sticky":false,"template":"","format":"standard","meta":{"_et_pb_use_builder":"off","_et_pb_old_content":"","_et_gb_content_width":"","inline_featured_image":false,"footnotes":""},"categories":[28,27],"tags":[],"class_list":["post-1635","post","type-post","status-publish","format-standard","hentry","category-bloc","category-juridic"],"_links":{"self":[{"href":"https:\/\/www.fincasmadruga.com\/ca\/wp-json\/wp\/v2\/posts\/1635","targetHints":{"allow":["GET"]}}],"collection":[{"href":"https:\/\/www.fincasmadruga.com\/ca\/wp-json\/wp\/v2\/posts"}],"about":[{"href":"https:\/\/www.fincasmadruga.com\/ca\/wp-json\/wp\/v2\/types\/post"}],"author":[{"embeddable":true,"href":"https:\/\/www.fincasmadruga.com\/ca\/wp-json\/wp\/v2\/users\/1"}],"replies":[{"embeddable":true,"href":"https:\/\/www.fincasmadruga.com\/ca\/wp-json\/wp\/v2\/comments?post=1635"}],"version-history":[{"count":3,"href":"https:\/\/www.fincasmadruga.com\/ca\/wp-json\/wp\/v2\/posts\/1635\/revisions"}],"predecessor-version":[{"id":2133,"href":"https:\/\/www.fincasmadruga.com\/ca\/wp-json\/wp\/v2\/posts\/1635\/revisions\/2133"}],"wp:attachment":[{"href":"https:\/\/www.fincasmadruga.com\/ca\/wp-json\/wp\/v2\/media?parent=1635"}],"wp:term":[{"taxonomy":"category","embeddable":true,"href":"https:\/\/www.fincasmadruga.com\/ca\/wp-json\/wp\/v2\/categories?post=1635"},{"taxonomy":"post_tag","embeddable":true,"href":"https:\/\/www.fincasmadruga.com\/ca\/wp-json\/wp\/v2\/tags?post=1635"}],"curies":[{"name":"wp","href":"https:\/\/api.w.org\/{rel}","templated":true}]}}