{"id":20969,"date":"2025-10-21T09:10:01","date_gmt":"2025-10-21T07:10:01","guid":{"rendered":"https:\/\/www.fincasmadruga.com\/?p=20969"},"modified":"2025-10-21T15:02:29","modified_gmt":"2025-10-21T13:02:29","slug":"llibreteria-2-un-llegat-historic-que-administrem-amb-compromis","status":"publish","type":"post","link":"https:\/\/www.fincasmadruga.com\/ca\/llibreteria-2-un-llegat-historic-que-administrem-amb-compromis\/","title":{"rendered":"Llibreteria 2: un llegat hist\u00f2ric que administrem amb comprom\u00eds"},"content":{"rendered":"<p>A l&#8217;emblem\u00e0tica Pla\u00e7a Sant Jaume es conserva un dels escassos edificis residencials que encara perduren en aquest enclavament hist\u00f2ric. Constru\u00eft a l&#8217;any 1850, aquest immoble conviu di\u00e0riament amb dues institucions fonamentals de la nostra ciutat: la Generalitat de Catalunya i l&#8217;Ajuntament de Barcelona.<\/p>\n<p>&nbsp;<\/p>\n<p>Des de la nostra tasca d&#8217;administraci\u00f3, acompanyem els Propietaris en la gesti\u00f3 integral de l&#8217;edifici, amb el ferm comprom\u00eds de preservar el seu valor patrimonial i garantir el seu estat de conservaci\u00f3 \u00f2ptim, en un dels espais m\u00e9s representatius de Barcelona.<\/p>\n<p>&nbsp;<\/p>\n<p>Propietaris i administradors compartim la responsabilitat de contribuir al manteniment del paisatge urb\u00e0 de la ciutat, mentre que les institucions p\u00fabliques tenen el deure de generar les condicions necess\u00e0ries perqu\u00e8 Barcelona continu\u00ef sent reconeguda com una de les ciutats m\u00e9s belles del m\u00f3n.<\/p>\n","protected":false},"excerpt":{"rendered":"<p>A l&#8217;emblem\u00e0tica Pla\u00e7a Sant Jaume es conserva un dels escassos edificis residencials que encara perduren en aquest enclavament hist\u00f2ric. Constru\u00eft a l&#8217;any 1850, aquest immoble conviu di\u00e0riament amb dues institucions fonamentals de la nostra ciutat: la Generalitat de Catalunya i l&#8217;Ajuntament de Barcelona. &nbsp; Des de la nostra tasca d&#8217;administraci\u00f3, acompanyem els Propietaris en la [&hellip;]<\/p>\n","protected":false},"author":1,"featured_media":20971,"comment_status":"closed","ping_status":"closed","sticky":false,"template":"","format":"standard","meta":{"_et_pb_use_builder":"","_et_pb_old_content":"","_et_gb_content_width":"","inline_featured_image":false,"footnotes":""},"categories":[28,7],"tags":[],"class_list":["post-20969","post","type-post","status-publish","format-standard","has-post-thumbnail","hentry","category-bloc","category-uncategorized-ca"],"_links":{"self":[{"href":"https:\/\/www.fincasmadruga.com\/ca\/wp-json\/wp\/v2\/posts\/20969","targetHints":{"allow":["GET"]}}],"collection":[{"href":"https:\/\/www.fincasmadruga.com\/ca\/wp-json\/wp\/v2\/posts"}],"about":[{"href":"https:\/\/www.fincasmadruga.com\/ca\/wp-json\/wp\/v2\/types\/post"}],"author":[{"embeddable":true,"href":"https:\/\/www.fincasmadruga.com\/ca\/wp-json\/wp\/v2\/users\/1"}],"replies":[{"embeddable":true,"href":"https:\/\/www.fincasmadruga.com\/ca\/wp-json\/wp\/v2\/comments?post=20969"}],"version-history":[{"count":1,"href":"https:\/\/www.fincasmadruga.com\/ca\/wp-json\/wp\/v2\/posts\/20969\/revisions"}],"predecessor-version":[{"id":20974,"href":"https:\/\/www.fincasmadruga.com\/ca\/wp-json\/wp\/v2\/posts\/20969\/revisions\/20974"}],"wp:featuredmedia":[{"embeddable":true,"href":"https:\/\/www.fincasmadruga.com\/ca\/wp-json\/wp\/v2\/media\/20971"}],"wp:attachment":[{"href":"https:\/\/www.fincasmadruga.com\/ca\/wp-json\/wp\/v2\/media?parent=20969"}],"wp:term":[{"taxonomy":"category","embeddable":true,"href":"https:\/\/www.fincasmadruga.com\/ca\/wp-json\/wp\/v2\/categories?post=20969"},{"taxonomy":"post_tag","embeddable":true,"href":"https:\/\/www.fincasmadruga.com\/ca\/wp-json\/wp\/v2\/tags?post=20969"}],"curies":[{"name":"wp","href":"https:\/\/api.w.org\/{rel}","templated":true}]}}