{"id":21475,"date":"2025-11-18T22:14:23","date_gmt":"2025-11-18T21:14:23","guid":{"rendered":"https:\/\/www.fincasmadruga.com\/?p=21475"},"modified":"2025-11-18T22:14:23","modified_gmt":"2025-11-18T21:14:23","slug":"conjunt-residencial-bonanova-homenatge-a-oriol-bohigas-larquitecte-del-gran-canvi-de-la-barcelona-olimpica","status":"publish","type":"post","link":"https:\/\/www.fincasmadruga.com\/ca\/conjunt-residencial-bonanova-homenatge-a-oriol-bohigas-larquitecte-del-gran-canvi-de-la-barcelona-olimpica\/","title":{"rendered":"Conjunt Residencial Bonanova &#8211; Homenatge a Oriol Bohigas, l\u2019arquitecte del gran canvi de la Barcelona Ol\u00edmpica"},"content":{"rendered":"<p>Aquest mes de novembre volem retre homenatge a Oriol Bohigas i Guardiola, un dels arquitectes i urbanistes m\u00e9s influents de la Barcelona contempor\u00e0nia, quan es compleixen <strong>quatre anys de la seva mort (30 de novembre de 2021)<\/strong>.<\/p>\n<p>&nbsp;<\/p>\n<p>Figura clau de l\u2019estudi <strong>MBM Arquitectes<\/strong> (Martorell, Bohigas, Mackay), Bohigas va ser el gran impulsor del <strong>renaixement urb\u00e0 de la Barcelona Ol\u00edmpica<\/strong>, defensant una nova manera d\u2019entendre l\u2019espai p\u00fablic i la relaci\u00f3 entre arquitectura i ciutat.<\/p>\n<p>&nbsp;<\/p>\n<p>Entre les seves obres m\u00e9s destacades es troba el <strong>Conjunt Residencial Bonanova <\/strong>(1970\u20131973), situat al <strong>Passeig de la Bonanova 92-94<\/strong>. Aquest conjunt d\u2019habitatges \u00e9s un magn\u00edfic exemple d\u2019<strong>equilibri entre racionalitat constructiva, funcionalitat i harmonia amb l\u2019entorn<\/strong>. L\u2019\u00fas del <strong>ma\u00f3 vist<\/strong>, els <strong>volums geom\u00e8trics<\/strong> i la <strong>pres\u00e8ncia de patis interiors<\/strong> reflecteixen l\u2019ess\u00e8ncia del llenguatge arquitect\u00f2nic de MBM, combinant modernitat i car\u00e0cter mediterrani.<\/p>\n<p>&nbsp;<\/p>\n<p>\ud83d\udc49 Pots con\u00e8ixer m\u00e9s sobre aquesta obra a la <strong>Col\u00b7lecci\u00f3 d\u2019Arquitectura Catalana<\/strong>:<\/p>\n<p>\ud83d\udd17 <a href=\"https:\/\/www.arquitecturacatalana.cat\/es\/obras\/conjunt-residencial-bonanova#anchor5\">https:\/\/www.arquitecturacatalana.cat\/es\/obras\/conjunt-residencial-bonanova#anchor5<\/a><\/p>\n<p>&nbsp;<\/p>\n<p>Des de <strong>Fincas Madruga<\/strong>, acompanyem els Propietaris en la gesti\u00f3 integral del seu edifici, amb el comprom\u00eds ferm de preservar-ne el valor patrimonial i garantir-ne l\u2019\u00f2ptim estat de conservaci\u00f3.<\/p>\n<p>&nbsp;<\/p>\n<p>&#8220;L\u2019arquitectura no \u00e9s nom\u00e9s construir edificis, sin\u00f3 construir ciutat.&#8221;<\/p>\n<p>\u2014 <em>Oriol Bohigas i Guardiola<\/em><\/p>\n","protected":false},"excerpt":{"rendered":"<p>Aquest mes de novembre volem retre homenatge a Oriol Bohigas i Guardiola, un dels arquitectes i urbanistes m\u00e9s influents de la Barcelona contempor\u00e0nia, quan es compleixen quatre anys de la seva mort (30 de novembre de 2021). &nbsp; Figura clau de l\u2019estudi MBM Arquitectes (Martorell, Bohigas, Mackay), Bohigas va ser el gran impulsor del renaixement [&hellip;]<\/p>\n","protected":false},"author":1,"featured_media":21476,"comment_status":"closed","ping_status":"closed","sticky":false,"template":"","format":"standard","meta":{"_et_pb_use_builder":"","_et_pb_old_content":"","_et_gb_content_width":"","inline_featured_image":false,"footnotes":""},"categories":[28],"tags":[],"class_list":["post-21475","post","type-post","status-publish","format-standard","has-post-thumbnail","hentry","category-bloc"],"_links":{"self":[{"href":"https:\/\/www.fincasmadruga.com\/ca\/wp-json\/wp\/v2\/posts\/21475","targetHints":{"allow":["GET"]}}],"collection":[{"href":"https:\/\/www.fincasmadruga.com\/ca\/wp-json\/wp\/v2\/posts"}],"about":[{"href":"https:\/\/www.fincasmadruga.com\/ca\/wp-json\/wp\/v2\/types\/post"}],"author":[{"embeddable":true,"href":"https:\/\/www.fincasmadruga.com\/ca\/wp-json\/wp\/v2\/users\/1"}],"replies":[{"embeddable":true,"href":"https:\/\/www.fincasmadruga.com\/ca\/wp-json\/wp\/v2\/comments?post=21475"}],"version-history":[{"count":4,"href":"https:\/\/www.fincasmadruga.com\/ca\/wp-json\/wp\/v2\/posts\/21475\/revisions"}],"predecessor-version":[{"id":21482,"href":"https:\/\/www.fincasmadruga.com\/ca\/wp-json\/wp\/v2\/posts\/21475\/revisions\/21482"}],"wp:featuredmedia":[{"embeddable":true,"href":"https:\/\/www.fincasmadruga.com\/ca\/wp-json\/wp\/v2\/media\/21476"}],"wp:attachment":[{"href":"https:\/\/www.fincasmadruga.com\/ca\/wp-json\/wp\/v2\/media?parent=21475"}],"wp:term":[{"taxonomy":"category","embeddable":true,"href":"https:\/\/www.fincasmadruga.com\/ca\/wp-json\/wp\/v2\/categories?post=21475"},{"taxonomy":"post_tag","embeddable":true,"href":"https:\/\/www.fincasmadruga.com\/ca\/wp-json\/wp\/v2\/tags?post=21475"}],"curies":[{"name":"wp","href":"https:\/\/api.w.org\/{rel}","templated":true}]}}