{"id":22890,"date":"2026-03-11T11:48:57","date_gmt":"2026-03-11T10:48:57","guid":{"rendered":"https:\/\/www.fincasmadruga.com\/?p=22890"},"modified":"2026-03-11T11:48:57","modified_gmt":"2026-03-11T10:48:57","slug":"mes-que-gestio-immobiliaria-un-compromis-real-amb-qui-mes-ho-necessita","status":"publish","type":"post","link":"https:\/\/www.fincasmadruga.com\/ca\/mes-que-gestio-immobiliaria-un-compromis-real-amb-qui-mes-ho-necessita\/","title":{"rendered":"M\u00e9s que gesti\u00f3 immobili\u00e0ria: un comprom\u00eds real amb qui m\u00e9s ho necessita"},"content":{"rendered":"<p>Com a administradors de finques, la nostra tasca no es limita \u00fanicament a gestionar comunitats, resoldre incid\u00e8ncies o optimitzar recursos. Tamb\u00e9 implica una <strong>responsabilitat social<\/strong> amb l\u2019entorn en qu\u00e8 treballem i amb les persones que en formen part. A <strong>Fincas Madruga<\/strong> entenem que el veritable valor d\u2019una empresa tamb\u00e9 es mesura pel seu impacte positiu en la societat.<\/p>\n<p>&nbsp;<\/p>\n<p><strong>Una contribuci\u00f3 constant: el 0,7% amb finalitats solid\u00e0ries<\/strong><\/p>\n<p>&nbsp;<\/p>\n<p>Destinem el 0,7% dels nostres beneficis a donar suport a projectes socials. Aquesta xifra no \u00e9s casual: representa un s\u00edmbol del nostre comprom\u00eds \u00e8tic, inspirat en l\u2019objectiu internacional de destinar aquest percentatge a l\u2019ajuda al desenvolupament.<\/p>\n<p>&nbsp;<\/p>\n<p><strong>Col\u00b7laborar amb projectes que transformen realitats<\/strong><\/p>\n<p>&nbsp;<\/p>\n<p>Fa uns dies, part del nostre equip va tenir l\u2019honor de visitar les instal\u00b7lacions d\u2019<strong>AFANOC <\/strong>(Associaci\u00f3 de Familiars i Amics de Nens Oncol\u00f2gics de Catalunya).<\/p>\n<p>&nbsp;<\/p>\n<p>No va ser una visita m\u00e9s. Con\u00e8ixer de primera m\u00e0 la tasca incansable que duen a terme per donar suport a infants i adolescents amb c\u00e0ncer, aix\u00ed com a les seves fam\u00edlies, ens va reafirmar en la import\u00e0ncia de <strong>donar suport a iniciatives que realment canvien vides<\/strong>.<\/p>\n<p>&nbsp;<\/p>\n<p>Aquest any hem formalitzat la nostra <strong>donaci\u00f3 del 0,7%<\/strong> dels beneficis per contribuir als seus programes i ajudar que puguin continuar oferint aquest acompanyament tan essencial en moments dif\u00edcils.<\/p>\n<p>&nbsp;<\/p>\n<p>Volem <strong>agrair sincerament a tot l\u2019equip d\u2019AFANOC<\/strong> la seva acollida i, sobretot, la seva feina di\u00e0ria. Tamb\u00e9 convidem els nostres clients, col\u00b7laboradors i lectors a con\u00e8ixer el seu projecte i, si ho desitgen, sumar-se a aquesta causa:<\/p>\n<p>\ud83d\udc49 <a href=\"https:\/\/afanoc.org\/\">https:\/\/afanoc.org\/<\/a><\/p>\n<p>&nbsp;<\/p>\n<p><strong>Un model d\u2019administraci\u00f3 de finques amb valors<\/strong><\/p>\n<p>&nbsp;<\/p>\n<p>Com a administradors de finques, aspirem a ser alguna cosa m\u00e9s que un prove\u00efdor de serveis. Volem ser un aliat de confian\u00e7a per a les comunitats que gestionem: propers, transparents i compromesos amb les persones.<\/p>\n<p>&nbsp;<\/p>\n<p>No concebem l\u2019\u00e8xit empresarial sense una dimensi\u00f3 humana. Per aix\u00f2 continuarem treballant per construir comunitats m\u00e9s responsables, entorns m\u00e9s sostenibles i una societat m\u00e9s justa i inclusiva.<\/p>\n<p>&nbsp;<\/p>\n<p>Perqu\u00e8 creiem que <strong>cada gest compta<\/strong><\/p>\n","protected":false},"excerpt":{"rendered":"<p>Com a administradors de finques, la nostra tasca no es limita \u00fanicament a gestionar comunitats, resoldre incid\u00e8ncies o optimitzar recursos. Tamb\u00e9 implica una responsabilitat social amb l\u2019entorn en qu\u00e8 treballem i amb les persones que en formen part. A Fincas Madruga entenem que el veritable valor d\u2019una empresa tamb\u00e9 es mesura pel seu impacte positiu [&hellip;]<\/p>\n","protected":false},"author":1,"featured_media":22886,"comment_status":"closed","ping_status":"closed","sticky":false,"template":"","format":"standard","meta":{"_et_pb_use_builder":"","_et_pb_old_content":"","_et_gb_content_width":"","inline_featured_image":false,"footnotes":""},"categories":[28],"tags":[],"class_list":["post-22890","post","type-post","status-publish","format-standard","has-post-thumbnail","hentry","category-bloc"],"_links":{"self":[{"href":"https:\/\/www.fincasmadruga.com\/ca\/wp-json\/wp\/v2\/posts\/22890","targetHints":{"allow":["GET"]}}],"collection":[{"href":"https:\/\/www.fincasmadruga.com\/ca\/wp-json\/wp\/v2\/posts"}],"about":[{"href":"https:\/\/www.fincasmadruga.com\/ca\/wp-json\/wp\/v2\/types\/post"}],"author":[{"embeddable":true,"href":"https:\/\/www.fincasmadruga.com\/ca\/wp-json\/wp\/v2\/users\/1"}],"replies":[{"embeddable":true,"href":"https:\/\/www.fincasmadruga.com\/ca\/wp-json\/wp\/v2\/comments?post=22890"}],"version-history":[{"count":1,"href":"https:\/\/www.fincasmadruga.com\/ca\/wp-json\/wp\/v2\/posts\/22890\/revisions"}],"predecessor-version":[{"id":22891,"href":"https:\/\/www.fincasmadruga.com\/ca\/wp-json\/wp\/v2\/posts\/22890\/revisions\/22891"}],"wp:featuredmedia":[{"embeddable":true,"href":"https:\/\/www.fincasmadruga.com\/ca\/wp-json\/wp\/v2\/media\/22886"}],"wp:attachment":[{"href":"https:\/\/www.fincasmadruga.com\/ca\/wp-json\/wp\/v2\/media?parent=22890"}],"wp:term":[{"taxonomy":"category","embeddable":true,"href":"https:\/\/www.fincasmadruga.com\/ca\/wp-json\/wp\/v2\/categories?post=22890"},{"taxonomy":"post_tag","embeddable":true,"href":"https:\/\/www.fincasmadruga.com\/ca\/wp-json\/wp\/v2\/tags?post=22890"}],"curies":[{"name":"wp","href":"https:\/\/api.w.org\/{rel}","templated":true}]}}